{"id":1275,"date":"2015-04-27T22:07:25","date_gmt":"2015-04-27T21:07:25","guid":{"rendered":"http:\/\/www.fanfareursy.ch\/?p=1275"},"modified":"2015-04-27T22:08:05","modified_gmt":"2015-04-27T21:08:05","slug":"concerts-de-preparation","status":"publish","type":"post","link":"http:\/\/www.fanfareursy.ch\/?p=1275","title":{"rendered":"Concerts de pr\u00e9paration"},"content":{"rendered":"<p>Pour la <a href=\"http:\/\/www.musicanto2015.ch\/\" target=\"_blank\">F\u00eate cantonale des musiques fribourgeoise \u00e0\u00a0W\u00fcnnewil<\/a>, venez d\u00e9couvrir notre morceau de choix Helvetia de Gareth Wood et l&rsquo;excellente pi\u00e8ce impos\u00e9e Sculptures d&rsquo;Etienne Sagnol.<\/p>\n<p>Jeudi 30 avril \u00e0\u00a020h \u00e0 la salle des Remparts \u00e0 Rue, avec la participation des fanfares de Rue-Promasens et de\u00a0Siviriez.<\/p>\n<p>Dimanche 10 mai \u00e0 19h30 \u00e0 la salle \u00ab La Lisi\u00e8re \u00bb \u00e0 S\u00e2les, avec la participation des fanfares de Le Cr\u00eat, Porsel et S\u00e2les-Vaulruz.<\/p>\n","protected":false},"excerpt":{"rendered":"<p>Pour la F\u00eate cantonale des musiques fribourgeoise \u00e0\u00a0W\u00fcnnewil, venez d\u00e9couvrir notre morceau de choix Helvetia de Gareth Wood et l&rsquo;excellente pi\u00e8ce impos\u00e9e Sculptures d&rsquo;Etienne Sagnol. Jeudi 30 avril \u00e0\u00a020h \u00e0 la salle des Remparts \u00e0 Rue, avec la participation des &hellip; <a href=\"http:\/\/www.fanfareursy.ch\/?p=1275\">Continuer la lecture <span class=\"meta-nav\">&rarr;<\/span><\/a><\/p>\n","protected":false},"author":76,"featured_media":0,"comment_status":"closed","ping_status":"closed","sticky":false,"template":"","format":"standard","meta":{"footnotes":""},"categories":[1],"tags":[],"class_list":["post-1275","post","type-post","status-publish","format-standard","hentry","category-news"],"_links":{"self":[{"href":"http:\/\/www.fanfareursy.ch\/index.php?rest_route=\/wp\/v2\/posts\/1275","targetHints":{"allow":["GET"]}}],"collection":[{"href":"http:\/\/www.fanfareursy.ch\/index.php?rest_route=\/wp\/v2\/posts"}],"about":[{"href":"http:\/\/www.fanfareursy.ch\/index.php?rest_route=\/wp\/v2\/types\/post"}],"author":[{"embeddable":true,"href":"http:\/\/www.fanfareursy.ch\/index.php?rest_route=\/wp\/v2\/users\/76"}],"replies":[{"embeddable":true,"href":"http:\/\/www.fanfareursy.ch\/index.php?rest_route=%2Fwp%2Fv2%2Fcomments&post=1275"}],"version-history":[{"count":2,"href":"http:\/\/www.fanfareursy.ch\/index.php?rest_route=\/wp\/v2\/posts\/1275\/revisions"}],"predecessor-version":[{"id":1277,"href":"http:\/\/www.fanfareursy.ch\/index.php?rest_route=\/wp\/v2\/posts\/1275\/revisions\/1277"}],"wp:attachment":[{"href":"http:\/\/www.fanfareursy.ch\/index.php?rest_route=%2Fwp%2Fv2%2Fmedia&parent=1275"}],"wp:term":[{"taxonomy":"category","embeddable":true,"href":"http:\/\/www.fanfareursy.ch\/index.php?rest_route=%2Fwp%2Fv2%2Fcategories&post=1275"},{"taxonomy":"post_tag","embeddable":true,"href":"http:\/\/www.fanfareursy.ch\/index.php?rest_route=%2Fwp%2Fv2%2Ftags&post=1275"}],"curies":[{"name":"wp","href":"https:\/\/api.w.org\/{rel}","templated":true}]}}