{"id":1576,"date":"2016-03-06T17:19:36","date_gmt":"2016-03-06T16:19:36","guid":{"rendered":"http:\/\/www.fanfareursy.ch\/?p=1576"},"modified":"2016-03-06T17:22:56","modified_gmt":"2016-03-06T16:22:56","slug":"concert-annuel-2016","status":"publish","type":"post","link":"http:\/\/www.fanfareursy.ch\/?p=1576","title":{"rendered":"Concert annuel 2016"},"content":{"rendered":"<p>Les Vendredi et Samedi 18 et 19 mars \u00e0 20h00, venez nombreux nous \u00e9couter ! Cliquez sur le programme ci-dessous pour t\u00e9l\u00e9charger le programme d\u00e9taill\u00e9.<\/p>\n<p><a href=\"http:\/\/www.fanfareursy.ch\/wp-content\/uploads\/2016\/03\/Concert-2016.pdf\" rel=\"attachment wp-att-1578\"><img loading=\"lazy\" decoding=\"async\" class=\"size-medium wp-image-1578 aligncenter\" src=\"http:\/\/www.fanfareursy.ch\/wp-content\/uploads\/2016\/03\/Concert2016-213x300.png\" alt=\"Concert2016\" width=\"213\" height=\"300\" srcset=\"http:\/\/www.fanfareursy.ch\/wp-content\/uploads\/2016\/03\/Concert2016-213x300.png 213w, http:\/\/www.fanfareursy.ch\/wp-content\/uploads\/2016\/03\/Concert2016-768x1084.png 768w, http:\/\/www.fanfareursy.ch\/wp-content\/uploads\/2016\/03\/Concert2016-725x1024.png 725w, http:\/\/www.fanfareursy.ch\/wp-content\/uploads\/2016\/03\/Concert2016.png 1020w, http:\/\/www.fanfareursy.ch\/wp-content\/uploads\/2016\/03\/Concert2016-213x300@2x.png 426w\" sizes=\"auto, (max-width: 213px) 100vw, 213px\" \/><\/a><\/p>\n","protected":false},"excerpt":{"rendered":"<p>Les Vendredi et Samedi 18 et 19 mars \u00e0 20h00, venez nombreux nous \u00e9couter ! Cliquez sur le programme ci-dessous pour t\u00e9l\u00e9charger le programme d\u00e9taill\u00e9.<\/p>\n","protected":false},"author":76,"featured_media":0,"comment_status":"closed","ping_status":"closed","sticky":false,"template":"","format":"standard","meta":{"footnotes":""},"categories":[1],"tags":[],"class_list":["post-1576","post","type-post","status-publish","format-standard","hentry","category-news"],"_links":{"self":[{"href":"http:\/\/www.fanfareursy.ch\/index.php?rest_route=\/wp\/v2\/posts\/1576","targetHints":{"allow":["GET"]}}],"collection":[{"href":"http:\/\/www.fanfareursy.ch\/index.php?rest_route=\/wp\/v2\/posts"}],"about":[{"href":"http:\/\/www.fanfareursy.ch\/index.php?rest_route=\/wp\/v2\/types\/post"}],"author":[{"embeddable":true,"href":"http:\/\/www.fanfareursy.ch\/index.php?rest_route=\/wp\/v2\/users\/76"}],"replies":[{"embeddable":true,"href":"http:\/\/www.fanfareursy.ch\/index.php?rest_route=%2Fwp%2Fv2%2Fcomments&post=1576"}],"version-history":[{"count":3,"href":"http:\/\/www.fanfareursy.ch\/index.php?rest_route=\/wp\/v2\/posts\/1576\/revisions"}],"predecessor-version":[{"id":1580,"href":"http:\/\/www.fanfareursy.ch\/index.php?rest_route=\/wp\/v2\/posts\/1576\/revisions\/1580"}],"wp:attachment":[{"href":"http:\/\/www.fanfareursy.ch\/index.php?rest_route=%2Fwp%2Fv2%2Fmedia&parent=1576"}],"wp:term":[{"taxonomy":"category","embeddable":true,"href":"http:\/\/www.fanfareursy.ch\/index.php?rest_route=%2Fwp%2Fv2%2Fcategories&post=1576"},{"taxonomy":"post_tag","embeddable":true,"href":"http:\/\/www.fanfareursy.ch\/index.php?rest_route=%2Fwp%2Fv2%2Ftags&post=1576"}],"curies":[{"name":"wp","href":"https:\/\/api.w.org\/{rel}","templated":true}]}}