{"id":2034,"date":"2021-08-18T12:13:52","date_gmt":"2021-08-18T11:13:52","guid":{"rendered":"http:\/\/www.fanfareursy.ch\/?p=2034"},"modified":"2021-08-19T15:12:08","modified_gmt":"2021-08-19T14:12:08","slug":"benichon-2021","status":"publish","type":"post","link":"http:\/\/www.fanfareursy.ch\/?p=2034","title":{"rendered":"B\u00e9nichon 2021"},"content":{"rendered":"<p>Cette ann\u00e9e, notre f\u00eate de la B\u00e9nichon se d\u00e9roulera sous une forme adapt\u00e9e \u00e0 la situation COVID:<\/p>\n<ul>\n<li>Le vendredi et samedi, bars et festivit\u00e9s vous attendent<\/li>\n<li>Dimanche : Livraison de menu b\u00e9nichon, en partenariat avec \u00ab\u00a0Au Jambon d&rsquo;Or\u00a0\u00bb<\/li>\n<\/ul>\n<p>R\u00e9servations aupr\u00e8s du Garage Gavillet \u00e0 Ursy<\/p>\n<p>Plus d&rsquo;information sur notre flyer :<\/p>\n<p><a href=\"http:\/\/www.fanfareursy.ch\/wp-content\/uploads\/2021\/08\/Benichon_Recto.jpg\"><img loading=\"lazy\" decoding=\"async\" class=\"alignnone size-full wp-image-2035\" src=\"http:\/\/www.fanfareursy.ch\/wp-content\/uploads\/2021\/08\/Benichon_Recto.jpg\" alt=\"\" width=\"875\" height=\"1241\" srcset=\"http:\/\/www.fanfareursy.ch\/wp-content\/uploads\/2021\/08\/Benichon_Recto.jpg 875w, http:\/\/www.fanfareursy.ch\/wp-content\/uploads\/2021\/08\/Benichon_Recto-212x300.jpg 212w, http:\/\/www.fanfareursy.ch\/wp-content\/uploads\/2021\/08\/Benichon_Recto-722x1024.jpg 722w, http:\/\/www.fanfareursy.ch\/wp-content\/uploads\/2021\/08\/Benichon_Recto-212x300@2x.jpg 424w\" sizes=\"auto, (max-width: 875px) 100vw, 875px\" \/><\/a><\/p>\n<p><a href=\"http:\/\/www.fanfareursy.ch\/wp-content\/uploads\/2021\/08\/Benichon_Verso.jpg\"><img loading=\"lazy\" decoding=\"async\" class=\"alignnone size-full wp-image-2036\" src=\"http:\/\/www.fanfareursy.ch\/wp-content\/uploads\/2021\/08\/Benichon_Verso.jpg\" alt=\"\" width=\"875\" height=\"1241\" srcset=\"http:\/\/www.fanfareursy.ch\/wp-content\/uploads\/2021\/08\/Benichon_Verso.jpg 875w, http:\/\/www.fanfareursy.ch\/wp-content\/uploads\/2021\/08\/Benichon_Verso-212x300.jpg 212w, http:\/\/www.fanfareursy.ch\/wp-content\/uploads\/2021\/08\/Benichon_Verso-722x1024.jpg 722w, http:\/\/www.fanfareursy.ch\/wp-content\/uploads\/2021\/08\/Benichon_Verso-212x300@2x.jpg 424w\" sizes=\"auto, (max-width: 875px) 100vw, 875px\" \/><\/a><\/p>\n","protected":false},"excerpt":{"rendered":"<p>Cette ann\u00e9e, notre f\u00eate de la B\u00e9nichon se d\u00e9roulera sous une forme adapt\u00e9e \u00e0 la situation COVID: Le vendredi et samedi, bars et festivit\u00e9s vous attendent Dimanche : Livraison de menu b\u00e9nichon, en partenariat avec \u00ab\u00a0Au Jambon d&rsquo;Or\u00a0\u00bb R\u00e9servations aupr\u00e8s &hellip; <a href=\"http:\/\/www.fanfareursy.ch\/?p=2034\">Continuer la lecture <span class=\"meta-nav\">&rarr;<\/span><\/a><\/p>\n","protected":false},"author":76,"featured_media":0,"comment_status":"closed","ping_status":"closed","sticky":false,"template":"","format":"standard","meta":{"footnotes":""},"categories":[1],"tags":[],"class_list":["post-2034","post","type-post","status-publish","format-standard","hentry","category-news"],"_links":{"self":[{"href":"http:\/\/www.fanfareursy.ch\/index.php?rest_route=\/wp\/v2\/posts\/2034","targetHints":{"allow":["GET"]}}],"collection":[{"href":"http:\/\/www.fanfareursy.ch\/index.php?rest_route=\/wp\/v2\/posts"}],"about":[{"href":"http:\/\/www.fanfareursy.ch\/index.php?rest_route=\/wp\/v2\/types\/post"}],"author":[{"embeddable":true,"href":"http:\/\/www.fanfareursy.ch\/index.php?rest_route=\/wp\/v2\/users\/76"}],"replies":[{"embeddable":true,"href":"http:\/\/www.fanfareursy.ch\/index.php?rest_route=%2Fwp%2Fv2%2Fcomments&post=2034"}],"version-history":[{"count":1,"href":"http:\/\/www.fanfareursy.ch\/index.php?rest_route=\/wp\/v2\/posts\/2034\/revisions"}],"predecessor-version":[{"id":2037,"href":"http:\/\/www.fanfareursy.ch\/index.php?rest_route=\/wp\/v2\/posts\/2034\/revisions\/2037"}],"wp:attachment":[{"href":"http:\/\/www.fanfareursy.ch\/index.php?rest_route=%2Fwp%2Fv2%2Fmedia&parent=2034"}],"wp:term":[{"taxonomy":"category","embeddable":true,"href":"http:\/\/www.fanfareursy.ch\/index.php?rest_route=%2Fwp%2Fv2%2Fcategories&post=2034"},{"taxonomy":"post_tag","embeddable":true,"href":"http:\/\/www.fanfareursy.ch\/index.php?rest_route=%2Fwp%2Fv2%2Ftags&post=2034"}],"curies":[{"name":"wp","href":"https:\/\/api.w.org\/{rel}","templated":true}]}}