{"id":2053,"date":"2022-02-07T13:20:23","date_gmt":"2022-02-07T12:20:23","guid":{"rendered":"https:\/\/www.fanfareursy.ch\/?p=2053"},"modified":"2022-02-07T13:21:04","modified_gmt":"2022-02-07T12:21:04","slug":"nouveau-directeur-de-la-fanfare-paroissiale-dursy-des-la-saison-2022-2023","status":"publish","type":"post","link":"http:\/\/www.fanfareursy.ch\/?p=2053","title":{"rendered":"Nouveau directeur de la Fanfare paroissiale d\u2019Ursy d\u00e8s la saison 2022-2023"},"content":{"rendered":"<p>La Fanfare Paroissiale d\u2019Ursy a le plaisir de vous annoncer la nomination de notre futur directeur, Monsieur Cyril Perrenoud, qui entrera en fonction d\u00e8s la saison 2022-2023.<\/p>\n<p><a href=\"http:\/\/www.fanfareursy.ch\/wp-content\/uploads\/2022\/02\/Cyril.png\"><img loading=\"lazy\" decoding=\"async\" class=\"size-full wp-image-2054 aligncenter\" src=\"http:\/\/www.fanfareursy.ch\/wp-content\/uploads\/2022\/02\/Cyril.png\" alt=\"\" width=\"275\" height=\"489\" srcset=\"http:\/\/www.fanfareursy.ch\/wp-content\/uploads\/2022\/02\/Cyril.png 275w, http:\/\/www.fanfareursy.ch\/wp-content\/uploads\/2022\/02\/Cyril-169x300.png 169w\" sizes=\"auto, (max-width: 275px) 100vw, 275px\" \/><\/a><\/p>\n<p>Cyril a d\u00e9but\u00e9 tr\u00e8s jeune son activit\u00e9 musicale d\u2019euphonium aupr\u00e8s de Pascal Eicher. Il a ensuite notamment occup\u00e9 le poste d\u2019euphonium solo au sein du Brass Band Fribourg jusqu\u2019en 2014.<\/p>\n<p>Apr\u00e8s avoir suivi une formation de direction pour ensemble Harmonies et Brass Band aupr\u00e8s du conservatoire de Neuch\u00e2tel, il a dirig\u00e9 plusieurs ensembles dont notamment\u00a0: l\u2019harmonie de Pr\u00eale ainsi que la fanfare La Lyre de Farvagny.<\/p>\n<p>En 2006 et 2007, Cyril Perrenoud s\u2019est expatri\u00e9 en Angleterre o\u00f9 il a \u00e9tudi\u00e9 au sein du Royal Northern College of Music de Manchester, dans la classe du c\u00e9l\u00e8bre virtuose Steven Mead. Il y a obtenu son dipl\u00f4me post-grade avec distinction. Durant son s\u00e9jour, Cyril a notamment eu l\u2019occasion d\u2019occuper le poste d\u2019euphonium au sein du Brighouse and Rastrick Band, avec lequel il remporte le concours r\u00e9gional du Yorkshire.<\/p>\n<p>Cyril partage sa passion pour la musique en parall\u00e8le avec son activit\u00e9 d\u2019ing\u00e9nieur agronome et vit \u00e0 Diesse, avec son \u00e9pouse Rebecca, ainsi que ses deux enfants\u00a0: Leya et Luc.<\/p>\n<p>Il succ\u00e8dera \u00e0 notre actuel directeur, Serge Gros, qui nous quittera au terme de la saison musicale 2021-2022, apr\u00e8s 19 ans \u00e0 la t\u00eate de notre soci\u00e9t\u00e9. Nous adressons nos plus chaleureux remerciements \u00e0 Serge pour toutes ces ann\u00e9es pass\u00e9es avec notre ensemble, et nous r\u00e9jouissons de pouvoir encore proposer de tr\u00e8s belles prestations musicales sous sa baguette jusqu\u2019au terme de l\u2019actuelle saison musicale.<\/p>\n","protected":false},"excerpt":{"rendered":"<p>La Fanfare Paroissiale d\u2019Ursy a le plaisir de vous annoncer la nomination de notre futur directeur, Monsieur Cyril Perrenoud, qui entrera en fonction d\u00e8s la saison 2022-2023. Cyril a d\u00e9but\u00e9 tr\u00e8s jeune son activit\u00e9 musicale d\u2019euphonium aupr\u00e8s de Pascal Eicher. &hellip; <a href=\"http:\/\/www.fanfareursy.ch\/?p=2053\">Continuer la lecture <span class=\"meta-nav\">&rarr;<\/span><\/a><\/p>\n","protected":false},"author":76,"featured_media":0,"comment_status":"closed","ping_status":"closed","sticky":false,"template":"","format":"standard","meta":{"footnotes":""},"categories":[1],"tags":[],"class_list":["post-2053","post","type-post","status-publish","format-standard","hentry","category-news"],"_links":{"self":[{"href":"http:\/\/www.fanfareursy.ch\/index.php?rest_route=\/wp\/v2\/posts\/2053","targetHints":{"allow":["GET"]}}],"collection":[{"href":"http:\/\/www.fanfareursy.ch\/index.php?rest_route=\/wp\/v2\/posts"}],"about":[{"href":"http:\/\/www.fanfareursy.ch\/index.php?rest_route=\/wp\/v2\/types\/post"}],"author":[{"embeddable":true,"href":"http:\/\/www.fanfareursy.ch\/index.php?rest_route=\/wp\/v2\/users\/76"}],"replies":[{"embeddable":true,"href":"http:\/\/www.fanfareursy.ch\/index.php?rest_route=%2Fwp%2Fv2%2Fcomments&post=2053"}],"version-history":[{"count":2,"href":"http:\/\/www.fanfareursy.ch\/index.php?rest_route=\/wp\/v2\/posts\/2053\/revisions"}],"predecessor-version":[{"id":2056,"href":"http:\/\/www.fanfareursy.ch\/index.php?rest_route=\/wp\/v2\/posts\/2053\/revisions\/2056"}],"wp:attachment":[{"href":"http:\/\/www.fanfareursy.ch\/index.php?rest_route=%2Fwp%2Fv2%2Fmedia&parent=2053"}],"wp:term":[{"taxonomy":"category","embeddable":true,"href":"http:\/\/www.fanfareursy.ch\/index.php?rest_route=%2Fwp%2Fv2%2Fcategories&post=2053"},{"taxonomy":"post_tag","embeddable":true,"href":"http:\/\/www.fanfareursy.ch\/index.php?rest_route=%2Fwp%2Fv2%2Ftags&post=2053"}],"curies":[{"name":"wp","href":"https:\/\/api.w.org\/{rel}","templated":true}]}}