{"id":1411,"date":"2015-10-11T20:00:46","date_gmt":"2015-10-11T19:00:46","guid":{"rendered":"http:\/\/www.fanfareursy.ch\/?p=1411"},"modified":"2015-11-23T16:27:38","modified_gmt":"2015-11-23T15:27:38","slug":"reveillon","status":"publish","type":"post","link":"https:\/\/www.fanfareursy.ch\/?p=1411","title":{"rendered":"R\u00e9veillon"},"content":{"rendered":"<h2 style=\"text-align: center;\">Jeudi 31 d\u00e9cembre 2015, ap\u00e9ritif de bienvenue d\u00e8s 19h00<br \/>\nSalle paroissiale de Ursy<\/h2>\n<p><img loading=\"lazy\" decoding=\"async\" class=\"alignnone size-full wp-image-1379\" src=\"http:\/\/www.fanfareursy.ch\/wp-content\/uploads\/2015\/07\/r\u00e9veillon.jpg\" alt=\"r\u00e9veillon\" width=\"841\" height=\"273\" srcset=\"https:\/\/www.fanfareursy.ch\/wp-content\/uploads\/2015\/07\/r\u00e9veillon.jpg 841w, https:\/\/www.fanfareursy.ch\/wp-content\/uploads\/2015\/07\/r\u00e9veillon-300x97.jpg 300w, https:\/\/www.fanfareursy.ch\/wp-content\/uploads\/2015\/07\/r\u00e9veillon-500x162.jpg 500w, https:\/\/www.fanfareursy.ch\/wp-content\/uploads\/2015\/07\/r\u00e9veillon-300x97@2x.jpg 600w\" sizes=\"auto, (max-width: 841px) 100vw, 841px\" \/><\/p>\n<p>Le dernier jour de l\u2019ann\u00e9e 2015 mettra un terme aux festivit\u00e9s du 50e anniversaire de la fanfare paroissiale de Ursy.<\/p>\n<p>Notre DJ Johann Demierre vous accompagnera tout au long de la soir\u00e9e jusqu\u2019au bout de la nuit avec une animation musicale pour tous les go\u00fbts. \u00a0Nous vous invitons donc toutes et tous \u00e0 venir partager les derni\u00e8res heures de 2015 et les premi\u00e8res de 2016 accompagn\u00e9s de vos amis, de votre famille.<\/p>\n<h2 style=\"text-align: center;\">Menu du R\u00e9veillon<\/h2>\n<p style=\"text-align: center;\">Ap\u00e9ritif<br \/>\n***<br \/>\nFondue chinoise pr\u00e9par\u00e9e par la boucherie Currat \u00e0 Ursy<br \/>\n***<br \/>\nDessert<br \/>\n***<br \/>\nCaf\u00e9<\/p>\n<p style=\"text-align: left;\"><strong>Prix<\/strong>\u00a0: CHF 70.-<br \/>\n&lt;12 ans : CHF 30.-<\/p>\n<p><strong>Informations<\/strong>\u00a0: 077 409 97 52<\/p>\n<p><strong>La soir\u00e9e est compl\u00e8te !<\/strong><\/p>\n","protected":false},"excerpt":{"rendered":"<p>Jeudi 31 d\u00e9cembre 2015, ap\u00e9ritif de bienvenue d\u00e8s 19h00 Salle paroissiale de Ursy Le dernier jour de l\u2019ann\u00e9e 2015 mettra un terme aux festivit\u00e9s du 50e anniversaire de la fanfare paroissiale de Ursy. Notre DJ Johann Demierre vous accompagnera tout &hellip; <a href=\"https:\/\/www.fanfareursy.ch\/?p=1411\">Continuer la lecture <span class=\"meta-nav\">&rarr;<\/span><\/a><\/p>\n","protected":false},"author":76,"featured_media":0,"comment_status":"closed","ping_status":"closed","sticky":false,"template":"","format":"standard","meta":{"footnotes":""},"categories":[5],"tags":[],"class_list":["post-1411","post","type-post","status-publish","format-standard","hentry","category-interne"],"_links":{"self":[{"href":"https:\/\/www.fanfareursy.ch\/index.php?rest_route=\/wp\/v2\/posts\/1411","targetHints":{"allow":["GET"]}}],"collection":[{"href":"https:\/\/www.fanfareursy.ch\/index.php?rest_route=\/wp\/v2\/posts"}],"about":[{"href":"https:\/\/www.fanfareursy.ch\/index.php?rest_route=\/wp\/v2\/types\/post"}],"author":[{"embeddable":true,"href":"https:\/\/www.fanfareursy.ch\/index.php?rest_route=\/wp\/v2\/users\/76"}],"replies":[{"embeddable":true,"href":"https:\/\/www.fanfareursy.ch\/index.php?rest_route=%2Fwp%2Fv2%2Fcomments&post=1411"}],"version-history":[{"count":6,"href":"https:\/\/www.fanfareursy.ch\/index.php?rest_route=\/wp\/v2\/posts\/1411\/revisions"}],"predecessor-version":[{"id":1457,"href":"https:\/\/www.fanfareursy.ch\/index.php?rest_route=\/wp\/v2\/posts\/1411\/revisions\/1457"}],"wp:attachment":[{"href":"https:\/\/www.fanfareursy.ch\/index.php?rest_route=%2Fwp%2Fv2%2Fmedia&parent=1411"}],"wp:term":[{"taxonomy":"category","embeddable":true,"href":"https:\/\/www.fanfareursy.ch\/index.php?rest_route=%2Fwp%2Fv2%2Fcategories&post=1411"},{"taxonomy":"post_tag","embeddable":true,"href":"https:\/\/www.fanfareursy.ch\/index.php?rest_route=%2Fwp%2Fv2%2Ftags&post=1411"}],"curies":[{"name":"wp","href":"https:\/\/api.w.org\/{rel}","templated":true}]}}