{"id":2495,"date":"2025-06-20T08:17:38","date_gmt":"2025-06-20T07:17:38","guid":{"rendered":"https:\/\/www.fanfareursy.ch\/?p=2495"},"modified":"2025-06-20T08:17:38","modified_gmt":"2025-06-20T07:17:38","slug":"fete-nationale-2025-de-la-commune-dursy","status":"publish","type":"post","link":"https:\/\/www.fanfareursy.ch\/?p=2495","title":{"rendered":"F\u00eate nationale 2025 de la commune d&rsquo;Ursy"},"content":{"rendered":"<p style=\"text-align: center;\">Retrouvez-nous \u00e0 l&rsquo;occasion de la f\u00eate nationale \u00e0 Ursy le 31 juillet prochain.<\/p>\n<p style=\"text-align: center;\">A cette occasion nous animerons l&rsquo;\u00e9v\u00e9nement avec un concert d&rsquo;\u00e9t\u00e9, en ext\u00e9rieur.<\/p>\n<p style=\"text-align: center;\"><a href=\"http:\/\/www.fanfareursy.ch\/wp-content\/uploads\/2025\/06\/Civil_Ensign_of_Switzerland.svg_.png\"><img loading=\"lazy\" decoding=\"async\" class=\"wp-image-2496 aligncenter\" src=\"http:\/\/www.fanfareursy.ch\/wp-content\/uploads\/2025\/06\/Civil_Ensign_of_Switzerland.svg_.png\" alt=\"\" width=\"283\" height=\"192\" \/><\/a><\/p>\n<p>D\u00e9tails: <a href=\"https:\/\/www.ursy.ch\/detail-evenement\/fete-nationale\">Commune de Ursy: F\u00eate nationale<\/a><\/p>\n","protected":false},"excerpt":{"rendered":"<p>Retrouvez-nous \u00e0 l&rsquo;occasion de la f\u00eate nationale \u00e0 Ursy le 31 juillet prochain. A cette occasion nous animerons l&rsquo;\u00e9v\u00e9nement avec un concert d&rsquo;\u00e9t\u00e9, en ext\u00e9rieur. D\u00e9tails: Commune de Ursy: F\u00eate nationale<\/p>\n","protected":false},"author":76,"featured_media":0,"comment_status":"closed","ping_status":"closed","sticky":false,"template":"","format":"standard","meta":{"footnotes":""},"categories":[1],"tags":[],"class_list":["post-2495","post","type-post","status-publish","format-standard","hentry","category-news"],"_links":{"self":[{"href":"https:\/\/www.fanfareursy.ch\/index.php?rest_route=\/wp\/v2\/posts\/2495","targetHints":{"allow":["GET"]}}],"collection":[{"href":"https:\/\/www.fanfareursy.ch\/index.php?rest_route=\/wp\/v2\/posts"}],"about":[{"href":"https:\/\/www.fanfareursy.ch\/index.php?rest_route=\/wp\/v2\/types\/post"}],"author":[{"embeddable":true,"href":"https:\/\/www.fanfareursy.ch\/index.php?rest_route=\/wp\/v2\/users\/76"}],"replies":[{"embeddable":true,"href":"https:\/\/www.fanfareursy.ch\/index.php?rest_route=%2Fwp%2Fv2%2Fcomments&post=2495"}],"version-history":[{"count":1,"href":"https:\/\/www.fanfareursy.ch\/index.php?rest_route=\/wp\/v2\/posts\/2495\/revisions"}],"predecessor-version":[{"id":2497,"href":"https:\/\/www.fanfareursy.ch\/index.php?rest_route=\/wp\/v2\/posts\/2495\/revisions\/2497"}],"wp:attachment":[{"href":"https:\/\/www.fanfareursy.ch\/index.php?rest_route=%2Fwp%2Fv2%2Fmedia&parent=2495"}],"wp:term":[{"taxonomy":"category","embeddable":true,"href":"https:\/\/www.fanfareursy.ch\/index.php?rest_route=%2Fwp%2Fv2%2Fcategories&post=2495"},{"taxonomy":"post_tag","embeddable":true,"href":"https:\/\/www.fanfareursy.ch\/index.php?rest_route=%2Fwp%2Fv2%2Ftags&post=2495"}],"curies":[{"name":"wp","href":"https:\/\/api.w.org\/{rel}","templated":true}]}}