{"id":2528,"date":"2025-09-26T12:18:01","date_gmt":"2025-09-26T11:18:01","guid":{"rendered":"https:\/\/www.fanfareursy.ch\/?p=2528"},"modified":"2025-09-26T12:18:01","modified_gmt":"2025-09-26T11:18:01","slug":"loto-de-lecole-de-musique","status":"publish","type":"post","link":"https:\/\/www.fanfareursy.ch\/?p=2528","title":{"rendered":"Loto de l&rsquo;\u00e9cole de musique"},"content":{"rendered":"<p>Le 28 septembre prochain nous aurons le plaisir de vous convier \u00e0 notre loto de l&rsquo;\u00e9cole de musique. Rendez-vous \u00e0 14h00 et 19h30 \u00e0 la salle paroissiale d&rsquo;Ursy.<\/p>\n<p><a href=\"http:\/\/www.fanfareursy.ch\/wp-content\/uploads\/2025\/09\/loto_09_2025.png\"><img loading=\"lazy\" decoding=\"async\" class=\"alignnone size-full wp-image-2529\" src=\"http:\/\/www.fanfareursy.ch\/wp-content\/uploads\/2025\/09\/loto_09_2025.png\" alt=\"\" width=\"1775\" height=\"967\" srcset=\"https:\/\/www.fanfareursy.ch\/wp-content\/uploads\/2025\/09\/loto_09_2025.png 1775w, https:\/\/www.fanfareursy.ch\/wp-content\/uploads\/2025\/09\/loto_09_2025-300x163.png 300w, https:\/\/www.fanfareursy.ch\/wp-content\/uploads\/2025\/09\/loto_09_2025-1024x558.png 1024w, https:\/\/www.fanfareursy.ch\/wp-content\/uploads\/2025\/09\/loto_09_2025-1536x837.png 1536w, https:\/\/www.fanfareursy.ch\/wp-content\/uploads\/2025\/09\/loto_09_2025-500x272.png 500w, https:\/\/www.fanfareursy.ch\/wp-content\/uploads\/2025\/09\/loto_09_2025-300x163@2x.png 600w\" sizes=\"auto, (max-width: 1775px) 100vw, 1775px\" \/><\/a><\/p>\n","protected":false},"excerpt":{"rendered":"<p>Le 28 septembre prochain nous aurons le plaisir de vous convier \u00e0 notre loto de l&rsquo;\u00e9cole de musique. Rendez-vous \u00e0 14h00 et 19h30 \u00e0 la salle paroissiale d&rsquo;Ursy.<\/p>\n","protected":false},"author":76,"featured_media":0,"comment_status":"closed","ping_status":"closed","sticky":false,"template":"","format":"standard","meta":{"footnotes":""},"categories":[1],"tags":[],"class_list":["post-2528","post","type-post","status-publish","format-standard","hentry","category-news"],"_links":{"self":[{"href":"https:\/\/www.fanfareursy.ch\/index.php?rest_route=\/wp\/v2\/posts\/2528","targetHints":{"allow":["GET"]}}],"collection":[{"href":"https:\/\/www.fanfareursy.ch\/index.php?rest_route=\/wp\/v2\/posts"}],"about":[{"href":"https:\/\/www.fanfareursy.ch\/index.php?rest_route=\/wp\/v2\/types\/post"}],"author":[{"embeddable":true,"href":"https:\/\/www.fanfareursy.ch\/index.php?rest_route=\/wp\/v2\/users\/76"}],"replies":[{"embeddable":true,"href":"https:\/\/www.fanfareursy.ch\/index.php?rest_route=%2Fwp%2Fv2%2Fcomments&post=2528"}],"version-history":[{"count":1,"href":"https:\/\/www.fanfareursy.ch\/index.php?rest_route=\/wp\/v2\/posts\/2528\/revisions"}],"predecessor-version":[{"id":2530,"href":"https:\/\/www.fanfareursy.ch\/index.php?rest_route=\/wp\/v2\/posts\/2528\/revisions\/2530"}],"wp:attachment":[{"href":"https:\/\/www.fanfareursy.ch\/index.php?rest_route=%2Fwp%2Fv2%2Fmedia&parent=2528"}],"wp:term":[{"taxonomy":"category","embeddable":true,"href":"https:\/\/www.fanfareursy.ch\/index.php?rest_route=%2Fwp%2Fv2%2Fcategories&post=2528"},{"taxonomy":"post_tag","embeddable":true,"href":"https:\/\/www.fanfareursy.ch\/index.php?rest_route=%2Fwp%2Fv2%2Ftags&post=2528"}],"curies":[{"name":"wp","href":"https:\/\/api.w.org\/{rel}","templated":true}]}}